[{"@context":"https:\/\/schema.org\/","@type":"Article","@id":"https:\/\/www.zubici.cz\/mam-ja-zahradecku\/#Article","mainEntityOfPage":"https:\/\/www.zubici.cz\/mam-ja-zahradecku\/","headline":"M\u00e1m j\u00e1 zahr\u00e1de\u010dku\u2026","name":"M\u00e1m j\u00e1 zahr\u00e1de\u010dku\u2026","description":"Velk\u00e1 v\u011bt\u0161ina majitel\u016f m\u00e1 svou zahr\u00e1dku jako kon\u00ed\u010dek. Sp\u00ed\u0161e t\u011bch star\u0161\u00edch. Ti mlad\u00ed cht\u011bj\u00ed jen anglick\u00fd tr\u00e1vn\u00edk a baz\u00e9n. Je to mo\u017en\u00e1 modern\u00ed, ale vzhledov\u011b je to nehezk\u00e9. V\u017edy\u0165 kv\u011btiny tvo\u0159\u00ed z\u00e1klad zahrady a kdy\u017e p\u0159ijde jejich \u010das, mohou je\u0161t\u011b tak\u00e9 vyzdobit a o\u017eivit interi\u00e9r. Ono je v podstat\u011b jedno, jak\u00e9 kv\u011btiny to jsou. V\u00edcem\u00e9n\u011b jde o to, aby to bylo hezk\u00e9. A pokud to n\u011bkdo um\u00ed za\u0159\u00eddit tak, aby kvetly postupn\u011b, pova\u017euje se za machra. Kv\u011btinov\u00e1 zahrada je prost\u011b<a class=\"more-link\" href=\"https:\/\/www.zubici.cz\/mam-ja-zahradecku\/\">Read More<span>&#8594;<\/span><\/a>","datePublished":"2024-07-29","dateModified":"2024-07-29","author":{"@type":"Person","@id":"https:\/\/www.zubici.cz\/author\/#Person","name":"","url":"https:\/\/www.zubici.cz\/author\/","identifier":1,"image":{"@type":"ImageObject","@id":"https:\/\/secure.gravatar.com\/avatar\/d377e0490a87620b11de21ad8824e89a7cfe705f8d1d0508828fda84a9262785?s=96&d=mm&r=g","url":"https:\/\/secure.gravatar.com\/avatar\/d377e0490a87620b11de21ad8824e89a7cfe705f8d1d0508828fda84a9262785?s=96&d=mm&r=g","height":96,"width":96}},"publisher":{"@type":"Organization","name":"zubici.cz","logo":{"@type":"ImageObject","@id":"\/logo.png","url":"\/logo.png","width":600,"height":60}},"image":{"@type":"ImageObject","@id":"https:\/\/www.zubici.cz\/wp-content\/uploads\/flowers-3571119_640_3.jpg","url":"https:\/\/www.zubici.cz\/wp-content\/uploads\/flowers-3571119_640_3.jpg","height":0,"width":0},"url":"https:\/\/www.zubici.cz\/mam-ja-zahradecku\/","about":["Zahrada a d\u016fm"],"wordCount":419,"articleBody":"Velk\u00e1 v\u011bt\u0161ina majitel\u016f m\u00e1 svou zahr\u00e1dku jako kon\u00ed\u010dek. Sp\u00ed\u0161e t\u011bch star\u0161\u00edch. Ti mlad\u00ed cht\u011bj\u00ed jen anglick\u00fd tr\u00e1vn\u00edk a baz\u00e9n. Je to mo\u017en\u00e1 modern\u00ed, ale vzhledov\u011b je to nehezk\u00e9. V\u017edy\u0165 kv\u011btiny tvo\u0159\u00ed z\u00e1klad zahrady a kdy\u017e p\u0159ijde jejich \u010das, mohou je\u0161t\u011b tak\u00e9 vyzdobit a o\u017eivit interi\u00e9r. Ono je v podstat\u011b jedno, jak\u00e9 kv\u011btiny to jsou. V\u00edcem\u00e9n\u011b jde o to, aby to bylo hezk\u00e9. A pokud to n\u011bkdo um\u00ed za\u0159\u00eddit tak, aby kvetly postupn\u011b, pova\u017euje se za machra. Kv\u011btinov\u00e1 zahrada je prost\u011b sou\u010d\u00e1st\u00ed domu a za n\u00ed, nebo uprost\u0159ed m\u016f\u017ee b\u00fdt klidn\u011b zahr\u00e1dka u\u017eitkov\u00e1. Tedy t\u0159eba zelenina, brambory, kv\u011bt\u00e1k, podle chuti. \u00a0Ka\u017ed\u00fd majitel kusu pozemku p\u0159em\u00fd\u0161l\u00ed, co a kam nasad\u00ed. Zde jsou t\u0159eba jist\u00e9 znalosti, kde a \u010demu se bude tam a tam da\u0159it. Jist\u011b, jde to i metodou pokus omyl, ale je to zdlouhav\u011bj\u0161\u00ed. Proto nen\u00ed v\u016fbec od v\u011bci si n\u011bco p\u0159e\u010d\u00edst. Tak budeme v\u011bd\u011bt kam co d\u00e1t. Kv\u011btiny se pak nemus\u00ed d\u00e1vat jen do v\u00e1zy doma. Mohou se tak\u00e9 n\u011bkomu darovat. N\u011bkde se u\u0159\u00edznou a nos\u00ed do kostela nebo na h\u0159bitov. D\u011bti je nos\u00ed na konci roku u\u010ditelk\u00e1m a tak podobn\u011b. Pokud jsou opravdu hezk\u00e9, mohou se i prod\u00e1vat na trhu. Bohu\u017eel se do nich mus\u00ed prom\u00edtnout cena za m\u00edsto, tak\u017ee to asi moc vyhled\u00e1van\u00e1 \u010dinnost nebude. \u00a0Pokud m\u00e1 n\u011bkdo to velk\u00e9 \u0161t\u011bst\u00ed, \u017ee m\u00e1 na zahrad\u011b i ovocn\u00e9 stromy, tak m\u016f\u017ee na podzim skl\u00edzet ovoce. P\u00e1nov\u00e9 jist\u011b budou r\u00e1di za \u00farodu, kter\u00e1 pak m\u016f\u017ee vykvasit a pou\u017e\u00edt se k vyp\u00e1len\u00ed n\u011bjak\u00e9 t\u00e9 lahvinky. A pokud stromy je\u0161t\u011b na zahrad\u011b nejsou a zva\u017eujete koupi \u0161vestek na slivovici, ned\u011blejte to. Je to strom n\u00e1chyln\u00fd ke spoust\u011b nemocem a \u0161vestky pak \u010derviv\u00ed, tak\u017ee jejich pou\u017eit\u00ed do buchet je v\u00edce ne\u017e sporn\u00e9. M\u00edsto nich kupte durancii. Je v\u011bt\u0161\u00ed a m\u00e1 vy\u0161\u0161\u00ed cukernatost. Slivovice z nich je pak poh\u00e1dka pro \u017ealudek, pokud se ov\u0161em pije s m\u00edrou. Lid\u00e9 v panel\u00e1ku maj\u00ed sm\u016flu, \u017ee zahr\u00e1dky nemaj\u00ed, a proto si je kupuj\u00ed v koloni\u00edch, kde to ov\u0161em nen\u00ed nikdy optim\u00e1ln\u00ed. \u00a0                                                                                                                                                                                                                                                                                                                                                                                        4.1\/5 - (7 votes)        "},{"@context":"https:\/\/schema.org\/","@type":"BreadcrumbList","itemListElement":[{"@type":"ListItem","position":1,"name":"M\u00e1m j\u00e1 zahr\u00e1de\u010dku\u2026","item":"https:\/\/www.zubici.cz\/mam-ja-zahradecku\/#breadcrumbitem"}]}]